{"id":977,"date":"2024-02-11T12:31:16","date_gmt":"2024-02-11T11:31:16","guid":{"rendered":"https:\/\/geroldmatthes.de\/?p=977"},"modified":"2025-09-02T19:33:32","modified_gmt":"2025-09-02T17:33:32","slug":"frage-an-bing","status":"publish","type":"post","link":"https:\/\/geroldmatthes.de\/index.php\/frage-an-bing\/","title":{"rendered":"Frage an Bing"},"content":{"rendered":"<p><em>Ich:<\/em><br \/>\n<strong>Warum ist gr\u00fcne Ideologie zur Religion geworden?<\/strong><\/p>\n<p><em>Antwort von Bing (KI):<\/em><br \/>\nDie Gr\u00fcnen haben im Laufe der Zeit eine starke ideologische Ausrichtung entwickelt, die in einigen Aspekten religi\u00f6se Z\u00fcge tr\u00e4gt. Hier sind einige Gr\u00fcnde, warum dies der Fall sein k\u00f6nnte:<br \/>\n<strong>&#8211; Moralischer Anspruch und Selbst\u00fcberh\u00f6hung:<\/strong><br \/>\n&#8211; Die Gr\u00fcnen betrachten sich selbst oft als die &#8222;moralischste aller Parteien in Deutschland&#8220;. Ihr politisches Handeln basiert auf starken Werturteilen und einem hohen moralischen Anspruch. Dies kann an religi\u00f6se \u00dcberzeugungen erinnern .<br \/>\n<strong>&#8211; Klimapolitik als Sammelbecken f\u00fcr Gesellschafts- und Kapitalismuskritik:<\/strong><br \/>\n&#8211; Die Klimapolitik ist zu einem zentralen Thema f\u00fcr die Gr\u00fcnen geworden. Sie nutzen es als Plattform, um ihre ideologischen Ansichten zu vertreten. Dies kann eine Art &#8222;religi\u00f6ser&#8220; Eifer sein, der die Welt verbessern m\u00f6chte .<br \/>\n<strong>&#8211; Religionsfreiheit und gesellschaftlicher Zusammenhalt:<\/strong><br \/>\n&#8211; Die Gr\u00fcnen betonen die Religionsfreiheit und die Vielfalt religi\u00f6ser und weltanschaulicher \u00dcberzeugungen. Sie sehen die Kirchen als wichtige Akteure der Zivilgesellschaft und loben ihre sozialen Beitr\u00e4ge .<br \/>\n<strong>&#8211; Kritik am aktuellen Zustand der Kirchen:<\/strong><br \/>\n&#8211; Die Gr\u00fcnen fordern Reformen im kirchlichen Arbeitsrecht und die F\u00f6rderung der gewerkschaftlichen Mitbestimmung. Sie setzen sich f\u00fcr Gleichstellung und Ver\u00e4nderungen in den Kirchen ein .<br \/>\nInsgesamt haben die Gr\u00fcnen eine ideologische Ausrichtung, die in einigen Aspekten religi\u00f6se Elemente aufweist, aber auch auf gesellschaftliche Ver\u00e4nderungen abzielt.<\/p>\n","protected":false},"excerpt":{"rendered":"<p>Ich: Warum ist gr\u00fcne Ideologie zur Religion geworden? Antwort von Bing (KI): Die Gr\u00fcnen haben im Laufe der Zeit eine<\/p>\n","protected":false},"author":3,"featured_media":0,"comment_status":"open","ping_status":"closed","sticky":false,"template":"","format":"standard","meta":{"_sitemap_exclude":false,"_sitemap_priority":"","_sitemap_frequency":"","footnotes":""},"categories":[25,20],"tags":[26,27],"class_list":["post-977","post","type-post","status-publish","format-standard","hentry","category-ai","category-aufklaerung","tag-ai","tag-ki"],"_links":{"self":[{"href":"https:\/\/geroldmatthes.de\/index.php\/wp-json\/wp\/v2\/posts\/977","targetHints":{"allow":["GET"]}}],"collection":[{"href":"https:\/\/geroldmatthes.de\/index.php\/wp-json\/wp\/v2\/posts"}],"about":[{"href":"https:\/\/geroldmatthes.de\/index.php\/wp-json\/wp\/v2\/types\/post"}],"author":[{"embeddable":true,"href":"https:\/\/geroldmatthes.de\/index.php\/wp-json\/wp\/v2\/users\/3"}],"replies":[{"embeddable":true,"href":"https:\/\/geroldmatthes.de\/index.php\/wp-json\/wp\/v2\/comments?post=977"}],"version-history":[{"count":1,"href":"https:\/\/geroldmatthes.de\/index.php\/wp-json\/wp\/v2\/posts\/977\/revisions"}],"predecessor-version":[{"id":978,"href":"https:\/\/geroldmatthes.de\/index.php\/wp-json\/wp\/v2\/posts\/977\/revisions\/978"}],"wp:attachment":[{"href":"https:\/\/geroldmatthes.de\/index.php\/wp-json\/wp\/v2\/media?parent=977"}],"wp:term":[{"taxonomy":"category","embeddable":true,"href":"https:\/\/geroldmatthes.de\/index.php\/wp-json\/wp\/v2\/categories?post=977"},{"taxonomy":"post_tag","embeddable":true,"href":"https:\/\/geroldmatthes.de\/index.php\/wp-json\/wp\/v2\/tags?post=977"}],"curies":[{"name":"wp","href":"https:\/\/api.w.org\/{rel}","templated":true}]}}